{"id":1070,"date":"2025-10-08T14:25:34","date_gmt":"2025-10-08T17:25:34","guid":{"rendered":"https:\/\/ademe.org.ar\/?p=1070"},"modified":"2025-10-08T15:13:56","modified_gmt":"2025-10-08T18:13:56","slug":"caravana-por-la-educacion","status":"publish","type":"post","link":"https:\/\/ademe.org.ar\/?p=1070","title":{"rendered":"CARAVANA POR LA EDUCACI\u00d3N"},"content":{"rendered":"\t\t<div data-elementor-type=\"wp-post\" data-elementor-id=\"1070\" class=\"elementor elementor-1070\">\n\t\t\t\t<div class=\"elementor-element elementor-element-7112607 e-flex e-con-boxed e-con e-parent\" data-id=\"7112607\" data-element_type=\"container\" data-e-type=\"container\">\n\t\t\t\t\t<div class=\"e-con-inner\">\n\t\t\t\t<div class=\"elementor-element elementor-element-00f963d elementor-widget elementor-widget-heading\" data-id=\"00f963d\" data-element_type=\"widget\" data-e-type=\"widget\" data-widget_type=\"heading.default\">\n\t\t\t\t<div class=\"elementor-widget-container\">\n\t\t\t\t\t<h2 class=\"elementor-heading-title elementor-size-default\">ADEME particip\u00f3 de la Caravana Provincial en Defensa de la Educaci\u00f3n P\u00fablica<\/h2>\t\t\t\t<\/div>\n\t\t\t\t<\/div>\n\t\t\t\t\t<\/div>\n\t\t\t\t<\/div>\n\t\t<div class=\"elementor-element elementor-element-651e489 e-flex e-con-boxed e-con e-parent\" data-id=\"651e489\" data-element_type=\"container\" data-e-type=\"container\">\n\t\t\t\t\t<div class=\"e-con-inner\">\n\t\t\t\t<div class=\"elementor-element elementor-element-c481a6b elementor-widget elementor-widget-spacer\" data-id=\"c481a6b\" data-element_type=\"widget\" data-e-type=\"widget\" data-widget_type=\"spacer.default\">\n\t\t\t\t<div class=\"elementor-widget-container\">\n\t\t\t\t\t\t\t<div class=\"elementor-spacer\">\n\t\t\t<div class=\"elementor-spacer-inner\"><\/div>\n\t\t<\/div>\n\t\t\t\t\t\t<\/div>\n\t\t\t\t<\/div>\n\t\t\t\t<div class=\"elementor-element elementor-element-3b3a544 elementor-widget elementor-widget-text-editor\" data-id=\"3b3a544\" data-element_type=\"widget\" data-e-type=\"widget\" data-widget_type=\"text-editor.default\">\n\t\t\t\t<div class=\"elementor-widget-container\">\n\t\t\t\t\t\t\t\t\t<p><img fetchpriority=\"high\" decoding=\"async\" class=\"wp-image-1072 size-large aligncenter\" src=\"http:\/\/ademe.org.ar\/wp-content\/uploads\/2025\/10\/WhatsApp-Image-2025-10-08-at-11.07.11-1024x576.jpeg\" alt=\"\" width=\"800\" height=\"450\" srcset=\"https:\/\/ademe.org.ar\/wp-content\/uploads\/2025\/10\/WhatsApp-Image-2025-10-08-at-11.07.11-1024x576.jpeg 1024w, https:\/\/ademe.org.ar\/wp-content\/uploads\/2025\/10\/WhatsApp-Image-2025-10-08-at-11.07.11-300x169.jpeg 300w, https:\/\/ademe.org.ar\/wp-content\/uploads\/2025\/10\/WhatsApp-Image-2025-10-08-at-11.07.11-768x432.jpeg 768w, https:\/\/ademe.org.ar\/wp-content\/uploads\/2025\/10\/WhatsApp-Image-2025-10-08-at-11.07.11-1536x864.jpeg 1536w, https:\/\/ademe.org.ar\/wp-content\/uploads\/2025\/10\/WhatsApp-Image-2025-10-08-at-11.07.11.jpeg 1600w\" sizes=\"(max-width: 800px) 100vw, 800px\" \/><\/p><p data-start=\"212\" data-end=\"525\">En el marco de la Jornada Nacional <strong data-start=\"247\" data-end=\"292\">\u201cLa escuela ense\u00f1a y construye esperanza\u201d<\/strong>, convocada por los sindicatos docentes de todo el pa\u00eds, ADEME se sum\u00f3 a la <strong data-start=\"368\" data-end=\"426\">Caravana Provincial en Defensa de la Educaci\u00f3n P\u00fablica<\/strong>, reafirmando su compromiso con una escuela inclusiva, democr\u00e1tica y al servicio de la comunidad.<\/p><p data-start=\"527\" data-end=\"767\">La concentraci\u00f3n tuvo lugar el <strong data-start=\"558\" data-end=\"598\">mi\u00e9rcoles 8 de octubre a las 9 horas<\/strong>, sobre la <strong data-start=\"609\" data-end=\"651\">Ruta Nacional 2V09 (Av. Ju\u00e1rez Celman)<\/strong>, frente al predio <strong data-start=\"670\" data-end=\"695\">La Agustina (I.A.C.C)<\/strong>, casi en la intersecci\u00f3n con <strong data-start=\"725\" data-end=\"764\">Av. de Circunvalaci\u00f3n Agust\u00edn Tosco<\/strong>.<\/p><p data-start=\"769\" data-end=\"951\">La jornada reuni\u00f3 a docentes, estudiantes y familias que, con esperanza y convicci\u00f3n, expresaron la importancia de <strong data-start=\"884\" data-end=\"948\">defender la educaci\u00f3n p\u00fablica como derecho y como bien com\u00fan<\/strong>.<\/p><p data-start=\"769\" data-end=\"951\"><img decoding=\"async\" class=\"wp-image-1073 aligncenter\" src=\"http:\/\/ademe.org.ar\/wp-content\/uploads\/2025\/10\/WhatsApp-Image-2025-10-08-at-11.16.49-735x1024.jpeg\" alt=\"\" width=\"286\" height=\"399\" srcset=\"https:\/\/ademe.org.ar\/wp-content\/uploads\/2025\/10\/WhatsApp-Image-2025-10-08-at-11.16.49-735x1024.jpeg 735w, https:\/\/ademe.org.ar\/wp-content\/uploads\/2025\/10\/WhatsApp-Image-2025-10-08-at-11.16.49-215x300.jpeg 215w, https:\/\/ademe.org.ar\/wp-content\/uploads\/2025\/10\/WhatsApp-Image-2025-10-08-at-11.16.49-768x1070.jpeg 768w, https:\/\/ademe.org.ar\/wp-content\/uploads\/2025\/10\/WhatsApp-Image-2025-10-08-at-11.16.49-1102x1536.jpeg 1102w, https:\/\/ademe.org.ar\/wp-content\/uploads\/2025\/10\/WhatsApp-Image-2025-10-08-at-11.16.49.jpeg 1148w\" sizes=\"(max-width: 286px) 100vw, 286px\" \/><\/p><p data-start=\"953\" data-end=\"1165\">\ud83d\udcde <strong data-start=\"956\" data-end=\"994\">Nuevo n\u00famero de contacto de ADEME:<\/strong><br data-start=\"994\" data-end=\"997\" \/>Todas las consultas y mensajes ser\u00e1n atendidos desde nuestro nuevo WhatsApp oficial:<br data-start=\"1081\" data-end=\"1084\" \/>\ud83d\udc49 <a class=\"decorated-link\" href=\"https:\/\/wa.me\/message\/WTKRGGO5RDLKO1\" target=\"_new\" rel=\"noopener\" data-start=\"1087\" data-end=\"1163\">https:\/\/wa.me\/message\/WTKRGGO5RDLKO1<\/a><\/p><p>\u00a0<\/p>\t\t\t\t\t\t\t\t<\/div>\n\t\t\t\t<\/div>\n\t\t\t\t\t<\/div>\n\t\t\t\t<\/div>\n\t\t\t\t<\/div>\n\t\t","protected":false},"excerpt":{"rendered":"<p>ADEME particip\u00f3 de la Caravana Provincial en Defensa de la Educaci\u00f3n P\u00fablica En el marco de la Jornada Nacional \u201cLa escuela ense\u00f1a y construye esperanza\u201d, convocada por los sindicatos docentes de todo el pa\u00eds, ADEME se sum\u00f3 a la Caravana Provincial en Defensa de la Educaci\u00f3n P\u00fablica, reafirmando su compromiso con una escuela inclusiva, democr\u00e1tica [&hellip;]<\/p>\n","protected":false},"author":1,"featured_media":810,"comment_status":"open","ping_status":"open","sticky":true,"template":"elementor_header_footer","format":"standard","meta":{"om_disable_all_campaigns":false,"_monsterinsights_skip_tracking":false,"_monsterinsights_sitenote_active":false,"_monsterinsights_sitenote_note":"","_monsterinsights_sitenote_category":0,"footnotes":""},"categories":[7],"tags":[],"class_list":["post-1070","post","type-post","status-publish","format-standard","has-post-thumbnail","hentry","category-noticias"],"aioseo_notices":[],"_links":{"self":[{"href":"https:\/\/ademe.org.ar\/index.php?rest_route=\/wp\/v2\/posts\/1070","targetHints":{"allow":["GET"]}}],"collection":[{"href":"https:\/\/ademe.org.ar\/index.php?rest_route=\/wp\/v2\/posts"}],"about":[{"href":"https:\/\/ademe.org.ar\/index.php?rest_route=\/wp\/v2\/types\/post"}],"author":[{"embeddable":true,"href":"https:\/\/ademe.org.ar\/index.php?rest_route=\/wp\/v2\/users\/1"}],"replies":[{"embeddable":true,"href":"https:\/\/ademe.org.ar\/index.php?rest_route=%2Fwp%2Fv2%2Fcomments&post=1070"}],"version-history":[{"count":10,"href":"https:\/\/ademe.org.ar\/index.php?rest_route=\/wp\/v2\/posts\/1070\/revisions"}],"predecessor-version":[{"id":1083,"href":"https:\/\/ademe.org.ar\/index.php?rest_route=\/wp\/v2\/posts\/1070\/revisions\/1083"}],"wp:featuredmedia":[{"embeddable":true,"href":"https:\/\/ademe.org.ar\/index.php?rest_route=\/wp\/v2\/media\/810"}],"wp:attachment":[{"href":"https:\/\/ademe.org.ar\/index.php?rest_route=%2Fwp%2Fv2%2Fmedia&parent=1070"}],"wp:term":[{"taxonomy":"category","embeddable":true,"href":"https:\/\/ademe.org.ar\/index.php?rest_route=%2Fwp%2Fv2%2Fcategories&post=1070"},{"taxonomy":"post_tag","embeddable":true,"href":"https:\/\/ademe.org.ar\/index.php?rest_route=%2Fwp%2Fv2%2Ftags&post=1070"}],"curies":[{"name":"wp","href":"https:\/\/api.w.org\/{rel}","templated":true}]}}