{"id":1103,"date":"2025-10-27T14:55:48","date_gmt":"2025-10-27T17:55:48","guid":{"rendered":"https:\/\/ademe.org.ar\/?p=1103"},"modified":"2025-10-27T15:02:42","modified_gmt":"2025-10-27T18:02:42","slug":"publicacion-de-las-listas-de-orden-de-merito-definitivas-para-secundaria-ciclo-lectivo-2026","status":"publish","type":"post","link":"https:\/\/ademe.org.ar\/?p=1103","title":{"rendered":"Publicaci\u00f3n de las Listas de Orden de M\u00e9rito Definitivas para Secundaria \u2013 Ciclo Lectivo 2026"},"content":{"rendered":"\t\t<div data-elementor-type=\"wp-post\" data-elementor-id=\"1103\" class=\"elementor elementor-1103\">\n\t\t\t\t<div class=\"elementor-element elementor-element-f3146cc e-con-full e-flex e-con e-parent\" data-id=\"f3146cc\" data-element_type=\"container\" data-e-type=\"container\">\n\t\t\t\t<div class=\"elementor-element elementor-element-1e92cb0 elementor-widget-laptop__width-initial elementor-widget elementor-widget-image\" data-id=\"1e92cb0\" data-element_type=\"widget\" data-e-type=\"widget\" data-widget_type=\"image.default\">\n\t\t\t\t<div class=\"elementor-widget-container\">\n\t\t\t\t\t\t\t\t\t\t\t\t\t\t\t<img fetchpriority=\"high\" decoding=\"async\" width=\"800\" height=\"534\" src=\"https:\/\/ademe.org.ar\/wp-content\/uploads\/2025\/10\/MOV_2599-1-1024x683.jpg\" class=\"attachment-large size-large wp-image-1102\" alt=\"\" srcset=\"https:\/\/ademe.org.ar\/wp-content\/uploads\/2025\/10\/MOV_2599-1-1024x683.jpg 1024w, https:\/\/ademe.org.ar\/wp-content\/uploads\/2025\/10\/MOV_2599-1-300x200.jpg 300w, https:\/\/ademe.org.ar\/wp-content\/uploads\/2025\/10\/MOV_2599-1-768x512.jpg 768w, https:\/\/ademe.org.ar\/wp-content\/uploads\/2025\/10\/MOV_2599-1-1536x1024.jpg 1536w, https:\/\/ademe.org.ar\/wp-content\/uploads\/2025\/10\/MOV_2599-1-2048x1366.jpg 2048w, https:\/\/ademe.org.ar\/wp-content\/uploads\/2025\/10\/MOV_2599-1-1200x800.jpg 1200w\" sizes=\"(max-width: 800px) 100vw, 800px\" \/>\t\t\t\t\t\t\t\t\t\t\t\t\t\t\t<\/div>\n\t\t\t\t<\/div>\n\t\t\t\t<div class=\"elementor-element elementor-element-5feeb52 elementor-widget elementor-widget-text-editor\" data-id=\"5feeb52\" data-element_type=\"widget\" data-e-type=\"widget\" data-widget_type=\"text-editor.default\">\n\t\t\t\t<div class=\"elementor-widget-container\">\n\t\t\t\t\t\t\t\t\t<p data-start=\"302\" data-end=\"680\">La <strong data-start=\"305\" data-end=\"430\">Direcci\u00f3n General de Carrera Docente, Titulaci\u00f3n y Certificaciones del Ministerio de Educaci\u00f3n de la Provincia de C\u00f3rdoba<\/strong> inform\u00f3 que desde el <strong data-start=\"452\" data-end=\"502\">29 de octubre hasta el 11 de noviembre de 2025<\/strong> estar\u00e1n disponibles en la plataforma <strong data-start=\"540\" data-end=\"584\">CiDi \u2013 Junta de Clasificaci\u00f3n Secundaria<\/strong> las <strong data-start=\"589\" data-end=\"636\">Listas de Orden de M\u00e9rito Definitivas (LOM)<\/strong> correspondientes al <strong data-start=\"657\" data-end=\"679\">Ciclo Lectivo 2026<\/strong>.<\/p><p data-start=\"682\" data-end=\"899\">Las listas comprenden horas c\u00e1tedra, cargos docentes y jer\u00e1rquicos (directivos, no directivos e inspectores), incluyendo tambi\u00e9n las modalidades <strong data-start=\"827\" data-end=\"834\">PIT<\/strong>, <strong data-start=\"836\" data-end=\"844\">ProA<\/strong> y <strong data-start=\"847\" data-end=\"897\">Escuelas Secundarias con Formaci\u00f3n Profesional<\/strong>.<\/p><p data-start=\"901\" data-end=\"1397\">Durante el mismo per\u00edodo, las y los aspirantes podr\u00e1n verificar la incorporaci\u00f3n de sus <strong data-start=\"989\" data-end=\"1012\">t\u00edtulos definitivos<\/strong> y consultar las <strong data-start=\"1029\" data-end=\"1058\">respuestas a los reclamos<\/strong> realizados sobre las LOM provisorias. En caso de disconformidad, se podr\u00e1 presentar un <strong data-start=\"1146\" data-end=\"1189\">Recurso de Reconsideraci\u00f3n o Jer\u00e1rquico<\/strong> a trav\u00e9s de un <strong data-start=\"1205\" data-end=\"1234\">Tr\u00e1mite Multinota en CiDi<\/strong>, mediante el siguiente enlace:<\/p><p><a href=\"http:\/\/fid.cba.gov.ar\/ee-fid-multinota\/form\/EDUCASECU\/recPuntaje\">fid.cba.gov.ar\/ee-fid-multinota\/form\/EDUCASECU\/recPuntaje<\/a><\/p><p>Para reclamos vinculados a <strong data-start=\"1426\" data-end=\"1446\">LOM de Traslados<\/strong>, se deber\u00e1 escribir al correo: <a class=\"decorated-link\" href=\"mailto:juntamediareclamos@cba.gov.ar\" rel=\"noopener\" data-start=\"1478\" data-end=\"1547\">juntamediareclamos@cba.gov.ar<\/a><\/p><p>Modelos y formularios est\u00e1n disponibles en el sitio oficial de la Junta:<br data-start=\"1623\" data-end=\"1626\" \/>\ud83d\udc49 <a class=\"decorated-link\" href=\"https:\/\/www.cba.gov.ar\/junta-de-clasificacion-secundaria\/\" target=\"_new\" rel=\"noopener\" data-start=\"1629\" data-end=\"1739\">www.cba.gov.ar\/junta-de-clasificacion-secundaria\/<\/a><\/p><p>\u00a0<\/p>\t\t\t\t\t\t\t\t<\/div>\n\t\t\t\t<\/div>\n\t\t\t\t<\/div>\n\t\t\t\t<\/div>\n\t\t","protected":false},"excerpt":{"rendered":"<p>La Direcci\u00f3n General de Carrera Docente, Titulaci\u00f3n y Certificaciones del Ministerio de Educaci\u00f3n de la Provincia de C\u00f3rdoba inform\u00f3 que desde el 29 de octubre hasta el 11 de noviembre de 2025 estar\u00e1n disponibles en la plataforma CiDi \u2013 Junta de Clasificaci\u00f3n Secundaria las Listas de Orden de M\u00e9rito Definitivas (LOM) correspondientes al Ciclo Lectivo [&hellip;]<\/p>\n","protected":false},"author":1,"featured_media":1102,"comment_status":"open","ping_status":"open","sticky":false,"template":"","format":"standard","meta":{"om_disable_all_campaigns":false,"_monsterinsights_skip_tracking":false,"_monsterinsights_sitenote_active":false,"_monsterinsights_sitenote_note":"","_monsterinsights_sitenote_category":0,"footnotes":""},"categories":[1],"tags":[],"class_list":["post-1103","post","type-post","status-publish","format-standard","has-post-thumbnail","hentry","category-blog"],"aioseo_notices":[],"_links":{"self":[{"href":"https:\/\/ademe.org.ar\/index.php?rest_route=\/wp\/v2\/posts\/1103","targetHints":{"allow":["GET"]}}],"collection":[{"href":"https:\/\/ademe.org.ar\/index.php?rest_route=\/wp\/v2\/posts"}],"about":[{"href":"https:\/\/ademe.org.ar\/index.php?rest_route=\/wp\/v2\/types\/post"}],"author":[{"embeddable":true,"href":"https:\/\/ademe.org.ar\/index.php?rest_route=\/wp\/v2\/users\/1"}],"replies":[{"embeddable":true,"href":"https:\/\/ademe.org.ar\/index.php?rest_route=%2Fwp%2Fv2%2Fcomments&post=1103"}],"version-history":[{"count":7,"href":"https:\/\/ademe.org.ar\/index.php?rest_route=\/wp\/v2\/posts\/1103\/revisions"}],"predecessor-version":[{"id":1111,"href":"https:\/\/ademe.org.ar\/index.php?rest_route=\/wp\/v2\/posts\/1103\/revisions\/1111"}],"wp:featuredmedia":[{"embeddable":true,"href":"https:\/\/ademe.org.ar\/index.php?rest_route=\/wp\/v2\/media\/1102"}],"wp:attachment":[{"href":"https:\/\/ademe.org.ar\/index.php?rest_route=%2Fwp%2Fv2%2Fmedia&parent=1103"}],"wp:term":[{"taxonomy":"category","embeddable":true,"href":"https:\/\/ademe.org.ar\/index.php?rest_route=%2Fwp%2Fv2%2Fcategories&post=1103"},{"taxonomy":"post_tag","embeddable":true,"href":"https:\/\/ademe.org.ar\/index.php?rest_route=%2Fwp%2Fv2%2Ftags&post=1103"}],"curies":[{"name":"wp","href":"https:\/\/api.w.org\/{rel}","templated":true}]}}