{"id":1138,"date":"2026-01-13T12:42:56","date_gmt":"2026-01-13T15:42:56","guid":{"rendered":"https:\/\/ademe.org.ar\/?p=1138"},"modified":"2026-01-13T12:46:13","modified_gmt":"2026-01-13T15:46:13","slug":"ademe-se-sumo-a-otros-gremios-en-defensa-de-la-jubilacion-digna","status":"publish","type":"post","link":"https:\/\/ademe.org.ar\/?p=1138","title":{"rendered":"ADEME se sum\u00f3 a otros gremios en defensa de la jubilaci\u00f3n digna"},"content":{"rendered":"\t\t<div data-elementor-type=\"wp-post\" data-elementor-id=\"1138\" class=\"elementor elementor-1138\">\n\t\t\t\t<div class=\"elementor-element elementor-element-98e460d e-flex e-con-boxed e-con e-parent\" data-id=\"98e460d\" data-element_type=\"container\" data-e-type=\"container\">\n\t\t\t\t\t<div class=\"e-con-inner\">\n\t\t\t\t<div class=\"elementor-element elementor-element-8257bbd elementor-widget elementor-widget-text-editor\" data-id=\"8257bbd\" data-element_type=\"widget\" data-e-type=\"widget\" data-widget_type=\"text-editor.default\">\n\t\t\t\t<div class=\"elementor-widget-container\">\n\t\t\t\t\t\t\t\t\t<p><span style=\"color: #000000;\">ADEME particip\u00f3 junto a otros gremios aportantes a la Caja de Jubilaciones de C\u00f3rdoba de una acci\u00f3n de visibilizaci\u00f3n del conflicto previsional. La jornada expres\u00f3 el rechazo al ajuste previsional impulsado por el Gobierno provincial, el repudio a la judicializaci\u00f3n de la protesta social y la denuncia de hechos de censura en medios p\u00fablicos.<\/span><\/p>\t\t\t\t\t\t\t\t<\/div>\n\t\t\t\t<\/div>\n\t\t\t\t<div class=\"elementor-element elementor-element-d3e3b64 elementor-widget elementor-widget-text-editor\" data-id=\"d3e3b64\" data-element_type=\"widget\" data-e-type=\"widget\" data-widget_type=\"text-editor.default\">\n\t\t\t\t<div class=\"elementor-widget-container\">\n\t\t\t\t\t\t\t\t\t<p data-start=\"576\" data-end=\"876\">ADEME se sum\u00f3 a otros gremios aportantes a la Caja de Jubilaciones de la provincia de C\u00f3rdoba en una acci\u00f3n de visibilizaci\u00f3n del conflicto previsional, realizada en el peaje provincial de Carlos Paz, en el marco del plan de lucha definido colectivamente por las organizaciones sindicales.<\/p><p data-start=\"878\" data-end=\"1174\">La medida se desarroll\u00f3 de manera pac\u00edfica, garantizando en todo momento la libre circulaci\u00f3n, y tuvo como objetivo expresar el rechazo a la ley de ajuste previsional impulsada por el Gobierno provincial, que vuelve a descargar el peso del ajuste sobre las y los trabajadores activos y jubilados.<\/p><p data-start=\"1176\" data-end=\"1560\">Desde ADEME y los gremios participantes se repudi\u00f3 en\u00e9rgicamente la judicializaci\u00f3n de una protesta leg\u00edtima, a partir de la denuncia presentada por Caminos de las Sierras, al considerar que se trata de un intento de criminalizar el derecho constitucional a reclamar. Frente al ajuste, la protesta social es una herramienta fundamental para defender el salario y una jubilaci\u00f3n digna.<\/p><p data-start=\"1562\" data-end=\"1916\">Asimismo, se exigi\u00f3 la derogaci\u00f3n inmediata de la ley previsional provincial, que incrementa los aportes de las y los trabajadores y reduce los haberes jubilatorios, profundizando la p\u00e9rdida de ingresos. En el mismo sentido, se reclam\u00f3 al Gobierno Nacional la devoluci\u00f3n urgente de los fondos previsionales adeudados a la Caja de Jubilaciones de C\u00f3rdoba.<\/p><p data-start=\"1918\" data-end=\"2199\">Por \u00faltimo, ADEME acompa\u00f1\u00f3 la denuncia por hechos de censura en medios p\u00fablicos provinciales, donde se habr\u00eda restringido la difusi\u00f3n del reclamo gremial en espacios culturales y festivales de verano, en un claro retroceso para la libertad de expresi\u00f3n y el pluralismo informativo.<\/p><p data-start=\"2201\" data-end=\"2410\">ADEME reafirma su compromiso con la unidad del movimiento sindical y continuar\u00e1 acompa\u00f1ando todas las acciones gremiales y legales necesarias para defender el salario, las jubilaciones y el derecho a reclamar.<\/p>\t\t\t\t\t\t\t\t<\/div>\n\t\t\t\t<\/div>\n\t\t\t\t\t<\/div>\n\t\t\t\t<\/div>\n\t\t<div class=\"elementor-element elementor-element-447bbd4 e-flex e-con-boxed e-con e-parent\" data-id=\"447bbd4\" data-element_type=\"container\" data-e-type=\"container\">\n\t\t\t\t\t<div class=\"e-con-inner\">\n\t\t\t\t<div class=\"elementor-element elementor-element-8dc2b75 elementor-widget elementor-widget-text-editor\" data-id=\"8dc2b75\" data-element_type=\"widget\" data-e-type=\"widget\" data-widget_type=\"text-editor.default\">\n\t\t\t\t<div class=\"elementor-widget-container\">\n\t\t\t\t\t\t\t\t\t<p><a href=\"http:\/\/ademe.org.ar\/wp-content\/uploads\/2026\/01\/LOS-GREMIOS-APORTANTES-PROFUNDIZAN-EL-PLAN-DE-LUCHA-CONTRA-EL-AJUSTE-PREVISIONAL-DE-LLARYORA-REPUDIAN-LA-JUDICIALIZACION-DEL-RECLAMO-Y-DENUNCIAN-CENSURA-EN-LOS-MEDIOS-PUBLICOS-1.pdf\">http:\/\/ademe.org.ar\/wp-content\/uploads\/2026\/01\/LOS-GREMIOS-APORTANTES-PROFUNDIZAN-EL-PLAN-DE-LUCHA-CONTRA-EL-AJUSTE-PREVISIONAL-DE-LLARYORA-REPUDIAN-LA-JUDICIALIZACION-DEL-RECLAMO-Y-DENUNCIAN-CENSURA-EN-LOS-MEDIOS-PUBLICOS-1.pdf<\/a><\/p>\t\t\t\t\t\t\t\t<\/div>\n\t\t\t\t<\/div>\n\t\t\t\t<div class=\"elementor-element elementor-element-8ec1fc5 elementor-widget elementor-widget-image\" data-id=\"8ec1fc5\" data-element_type=\"widget\" data-e-type=\"widget\" data-widget_type=\"image.default\">\n\t\t\t\t<div class=\"elementor-widget-container\">\n\t\t\t\t\t\t\t\t\t\t\t\t<figure class=\"wp-caption\">\n\t\t\t\t\t\t\t\t\t\t<img fetchpriority=\"high\" decoding=\"async\" width=\"800\" height=\"450\" src=\"https:\/\/ademe.org.ar\/wp-content\/uploads\/2026\/01\/OT7O7QSDRZCWZOFVM3YCHKUMTM.jpg\" class=\"attachment-large size-large wp-image-1139\" alt=\"\" srcset=\"https:\/\/ademe.org.ar\/wp-content\/uploads\/2026\/01\/OT7O7QSDRZCWZOFVM3YCHKUMTM.jpg 924w, https:\/\/ademe.org.ar\/wp-content\/uploads\/2026\/01\/OT7O7QSDRZCWZOFVM3YCHKUMTM-300x169.jpg 300w, https:\/\/ademe.org.ar\/wp-content\/uploads\/2026\/01\/OT7O7QSDRZCWZOFVM3YCHKUMTM-768x432.jpg 768w\" sizes=\"(max-width: 800px) 100vw, 800px\" \/>\t\t\t\t\t\t\t\t\t\t\t<figcaption class=\"widget-image-caption wp-caption-text\">Gentileza: La Voz del Interior<\/figcaption>\n\t\t\t\t\t\t\t\t\t\t<\/figure>\n\t\t\t\t\t\t\t\t\t<\/div>\n\t\t\t\t<\/div>\n\t\t\t\t\t<\/div>\n\t\t\t\t<\/div>\n\t\t\t\t<\/div>\n\t\t","protected":false},"excerpt":{"rendered":"<p>ADEME particip\u00f3 junto a otros gremios aportantes a la Caja de Jubilaciones de C\u00f3rdoba de una acci\u00f3n de visibilizaci\u00f3n del conflicto previsional. La jornada expres\u00f3 el rechazo al ajuste previsional impulsado por el Gobierno provincial, el repudio a la judicializaci\u00f3n de la protesta social y la denuncia de hechos de censura en medios p\u00fablicos. ADEME [&hellip;]<\/p>\n","protected":false},"author":1,"featured_media":1139,"comment_status":"open","ping_status":"open","sticky":false,"template":"","format":"standard","meta":{"om_disable_all_campaigns":false,"_monsterinsights_skip_tracking":false,"_monsterinsights_sitenote_active":false,"_monsterinsights_sitenote_note":"","_monsterinsights_sitenote_category":0,"footnotes":""},"categories":[7],"tags":[],"class_list":["post-1138","post","type-post","status-publish","format-standard","has-post-thumbnail","hentry","category-noticias"],"aioseo_notices":[],"_links":{"self":[{"href":"https:\/\/ademe.org.ar\/index.php?rest_route=\/wp\/v2\/posts\/1138","targetHints":{"allow":["GET"]}}],"collection":[{"href":"https:\/\/ademe.org.ar\/index.php?rest_route=\/wp\/v2\/posts"}],"about":[{"href":"https:\/\/ademe.org.ar\/index.php?rest_route=\/wp\/v2\/types\/post"}],"author":[{"embeddable":true,"href":"https:\/\/ademe.org.ar\/index.php?rest_route=\/wp\/v2\/users\/1"}],"replies":[{"embeddable":true,"href":"https:\/\/ademe.org.ar\/index.php?rest_route=%2Fwp%2Fv2%2Fcomments&post=1138"}],"version-history":[{"count":4,"href":"https:\/\/ademe.org.ar\/index.php?rest_route=\/wp\/v2\/posts\/1138\/revisions"}],"predecessor-version":[{"id":1146,"href":"https:\/\/ademe.org.ar\/index.php?rest_route=\/wp\/v2\/posts\/1138\/revisions\/1146"}],"wp:featuredmedia":[{"embeddable":true,"href":"https:\/\/ademe.org.ar\/index.php?rest_route=\/wp\/v2\/media\/1139"}],"wp:attachment":[{"href":"https:\/\/ademe.org.ar\/index.php?rest_route=%2Fwp%2Fv2%2Fmedia&parent=1138"}],"wp:term":[{"taxonomy":"category","embeddable":true,"href":"https:\/\/ademe.org.ar\/index.php?rest_route=%2Fwp%2Fv2%2Fcategories&post=1138"},{"taxonomy":"post_tag","embeddable":true,"href":"https:\/\/ademe.org.ar\/index.php?rest_route=%2Fwp%2Fv2%2Ftags&post=1138"}],"curies":[{"name":"wp","href":"https:\/\/api.w.org\/{rel}","templated":true}]}}