{"id":1169,"date":"2026-04-01T15:55:29","date_gmt":"2026-04-01T18:55:29","guid":{"rendered":"https:\/\/ademe.org.ar\/?p=1169"},"modified":"2026-04-01T16:16:28","modified_gmt":"2026-04-01T19:16:28","slug":"caravana-de-autos-en-cordoba-ademe-participo-del-reclamo-por-la-derogacion-de-la-ley-11-087-y-la-devolucion-de-los-aportes-personales","status":"publish","type":"post","link":"https:\/\/ademe.org.ar\/?p=1169","title":{"rendered":"Caravana de autos en C\u00f3rdoba: ADEME particip\u00f3 del reclamo por la derogaci\u00f3n de la Ley 11.087 y la devoluci\u00f3n de los aportes personales"},"content":{"rendered":"\t\t<div data-elementor-type=\"wp-post\" data-elementor-id=\"1169\" class=\"elementor elementor-1169\">\n\t\t\t\t<div class=\"elementor-element elementor-element-a05b0d6 e-flex e-con-boxed e-con e-parent\" data-id=\"a05b0d6\" data-element_type=\"container\" data-e-type=\"container\">\n\t\t\t\t\t<div class=\"e-con-inner\">\n\t\t\t\t<div class=\"elementor-element elementor-element-17ecddb elementor-widget elementor-widget-heading\" data-id=\"17ecddb\" data-element_type=\"widget\" data-e-type=\"widget\" data-widget_type=\"heading.default\">\n\t\t\t\t<div class=\"elementor-widget-container\">\n\t\t\t\t\t<h2 class=\"elementor-heading-title elementor-size-default\">Caravana de autos en C\u00f3rdoba: ADEME particip\u00f3 del reclamo por la derogaci\u00f3n de la Ley 11.087 y la devoluci\u00f3n de los aportes personales<\/h2>\t\t\t\t<\/div>\n\t\t\t\t<\/div>\n\t\t\t\t\t<\/div>\n\t\t\t\t<\/div>\n\t\t<div class=\"elementor-element elementor-element-313e317 e-flex e-con-boxed e-con e-parent\" data-id=\"313e317\" data-element_type=\"container\" data-e-type=\"container\">\n\t\t\t\t\t<div class=\"e-con-inner\">\n\t\t<div class=\"elementor-element elementor-element-5416290 e-flex e-con-boxed e-con e-child\" data-id=\"5416290\" data-element_type=\"container\" data-e-type=\"container\">\n\t\t\t\t\t<div class=\"e-con-inner\">\n\t\t\t\t<div class=\"elementor-element elementor-element-41bbf24 elementor-widget-laptop__width-initial elementor-widget elementor-widget-image\" data-id=\"41bbf24\" data-element_type=\"widget\" data-e-type=\"widget\" data-widget_type=\"image.default\">\n\t\t\t\t<div class=\"elementor-widget-container\">\n\t\t\t\t\t\t\t\t\t\t\t\t\t\t\t<img fetchpriority=\"high\" decoding=\"async\" width=\"800\" height=\"600\" src=\"https:\/\/ademe.org.ar\/wp-content\/uploads\/2026\/04\/WhatsApp-Image-2026-04-01-at-13.55.31-1024x768.jpeg\" class=\"attachment-large size-large wp-image-1172\" alt=\"\" srcset=\"https:\/\/ademe.org.ar\/wp-content\/uploads\/2026\/04\/WhatsApp-Image-2026-04-01-at-13.55.31-1024x768.jpeg 1024w, https:\/\/ademe.org.ar\/wp-content\/uploads\/2026\/04\/WhatsApp-Image-2026-04-01-at-13.55.31-300x225.jpeg 300w, https:\/\/ademe.org.ar\/wp-content\/uploads\/2026\/04\/WhatsApp-Image-2026-04-01-at-13.55.31-768x576.jpeg 768w, https:\/\/ademe.org.ar\/wp-content\/uploads\/2026\/04\/WhatsApp-Image-2026-04-01-at-13.55.31.jpeg 1280w\" sizes=\"(max-width: 800px) 100vw, 800px\" \/>\t\t\t\t\t\t\t\t\t\t\t\t\t\t\t<\/div>\n\t\t\t\t<\/div>\n\t\t\t\t<div class=\"elementor-element elementor-element-6004d37 elementor-widget-laptop__width-initial elementor-widget elementor-widget-image\" data-id=\"6004d37\" data-element_type=\"widget\" data-e-type=\"widget\" data-widget_type=\"image.default\">\n\t\t\t\t<div class=\"elementor-widget-container\">\n\t\t\t\t\t\t\t\t\t\t\t\t\t\t\t<img decoding=\"async\" width=\"800\" height=\"450\" src=\"https:\/\/ademe.org.ar\/wp-content\/uploads\/2026\/04\/WhatsApp-Image-2026-04-01-at-13.54.47-1024x576.jpeg\" class=\"attachment-large size-large wp-image-1174\" alt=\"\" srcset=\"https:\/\/ademe.org.ar\/wp-content\/uploads\/2026\/04\/WhatsApp-Image-2026-04-01-at-13.54.47-1024x576.jpeg 1024w, https:\/\/ademe.org.ar\/wp-content\/uploads\/2026\/04\/WhatsApp-Image-2026-04-01-at-13.54.47-300x169.jpeg 300w, https:\/\/ademe.org.ar\/wp-content\/uploads\/2026\/04\/WhatsApp-Image-2026-04-01-at-13.54.47-768x432.jpeg 768w, https:\/\/ademe.org.ar\/wp-content\/uploads\/2026\/04\/WhatsApp-Image-2026-04-01-at-13.54.47-1536x864.jpeg 1536w, https:\/\/ademe.org.ar\/wp-content\/uploads\/2026\/04\/WhatsApp-Image-2026-04-01-at-13.54.47.jpeg 1600w\" sizes=\"(max-width: 800px) 100vw, 800px\" \/>\t\t\t\t\t\t\t\t\t\t\t\t\t\t\t<\/div>\n\t\t\t\t<\/div>\n\t\t\t\t\t<\/div>\n\t\t\t\t<\/div>\n\t\t<div class=\"elementor-element elementor-element-1717c99 e-flex e-con-boxed e-con e-child\" data-id=\"1717c99\" data-element_type=\"container\" data-e-type=\"container\">\n\t\t\t\t\t<div class=\"e-con-inner\">\n\t\t\t\t<div class=\"elementor-element elementor-element-55a5c02 elementor-widget elementor-widget-text-editor\" data-id=\"55a5c02\" data-element_type=\"widget\" data-e-type=\"widget\" data-widget_type=\"text-editor.default\">\n\t\t\t\t<div class=\"elementor-widget-container\">\n\t\t\t\t\t\t\t\t\t<p>El gremio ADEME particip\u00f3 este mi\u00e9rcoles 1\u00b0 de abril en la caravana de autos realizada en la ciudad de C\u00f3rdoba, convocada por gremios estatales para exigir a la Provincia la derogaci\u00f3n de la Ley 11.087 y la devoluci\u00f3n de los aportes personales, bajo la consigna: \u201cNuestros aportes se respetan: las jubilaciones no se tocan\u201d.<\/p><p>La movilizaci\u00f3n, que tuvo su punto de concentraci\u00f3n en Av. Col\u00f3n al 6000, se desarroll\u00f3 como una acci\u00f3n visible y colectiva en defensa del sistema previsional y de los derechos de quienes han aportado durante toda su vida laboral. A trav\u00e9s de la caravana, trabajadoras y trabajadores hicieron o\u00edr su reclamo en distintos puntos de la ciudad, reafirmando la necesidad de preservar condiciones dignas tanto en actividad como en la etapa jubilatoria.<\/p><p>En este marco, la jornada se dio en un contexto de creciente conflictividad en el sector educativo, luego de que los gremios docentes rechazaran la tercera propuesta salarial presentada por el Gobierno provincial, al considerarla insuficiente frente a la situaci\u00f3n econ\u00f3mica actual.<\/p><p>Desde ADEME se acompa\u00f1\u00f3 la iniciativa reafirmando su compromiso con la defensa integral de los derechos de las y los docentes, entendiendo que las condiciones previsionales forman parte de una misma trama que incluye el salario, la estabilidad y el reconocimiento del trabajo docente a lo largo de toda la vida.<\/p><p>La participaci\u00f3n en esta caravana se inscribe en la necesidad de sostener la unidad de los trabajadores y de fortalecer las acciones colectivas que permitan visibilizar estos reclamos en la agenda p\u00fablica.<\/p>\t\t\t\t\t\t\t\t<\/div>\n\t\t\t\t<\/div>\n\t\t\t\t\t<\/div>\n\t\t\t\t<\/div>\n\t\t\t\t\t<\/div>\n\t\t\t\t<\/div>\n\t\t<div class=\"elementor-element elementor-element-447bbd4 e-flex e-con-boxed e-con e-parent\" data-id=\"447bbd4\" data-element_type=\"container\" data-e-type=\"container\">\n\t\t\t\t\t<div class=\"e-con-inner\">\n\t\t\t\t<div class=\"elementor-element elementor-element-e0ea6a3 elementor-widget elementor-widget-image\" data-id=\"e0ea6a3\" data-element_type=\"widget\" data-e-type=\"widget\" data-widget_type=\"image.default\">\n\t\t\t\t<div class=\"elementor-widget-container\">\n\t\t\t\t\t\t\t\t\t\t\t\t\t\t\t<img decoding=\"async\" width=\"800\" height=\"450\" src=\"https:\/\/ademe.org.ar\/wp-content\/uploads\/2026\/04\/WhatsApp-Image-2026-04-01-at-13.54.48-1024x576.jpeg\" class=\"attachment-large size-large wp-image-1173\" alt=\"\" srcset=\"https:\/\/ademe.org.ar\/wp-content\/uploads\/2026\/04\/WhatsApp-Image-2026-04-01-at-13.54.48-1024x576.jpeg 1024w, https:\/\/ademe.org.ar\/wp-content\/uploads\/2026\/04\/WhatsApp-Image-2026-04-01-at-13.54.48-300x169.jpeg 300w, https:\/\/ademe.org.ar\/wp-content\/uploads\/2026\/04\/WhatsApp-Image-2026-04-01-at-13.54.48-768x432.jpeg 768w, https:\/\/ademe.org.ar\/wp-content\/uploads\/2026\/04\/WhatsApp-Image-2026-04-01-at-13.54.48-1536x864.jpeg 1536w, https:\/\/ademe.org.ar\/wp-content\/uploads\/2026\/04\/WhatsApp-Image-2026-04-01-at-13.54.48.jpeg 1600w\" sizes=\"(max-width: 800px) 100vw, 800px\" \/>\t\t\t\t\t\t\t\t\t\t\t\t\t\t\t<\/div>\n\t\t\t\t<\/div>\n\t\t\t\t<div class=\"elementor-element elementor-element-8ec1fc5 elementor-widget elementor-widget-image\" data-id=\"8ec1fc5\" data-element_type=\"widget\" data-e-type=\"widget\" data-widget_type=\"image.default\">\n\t\t\t\t<div class=\"elementor-widget-container\">\n\t\t\t\t\t\t\t\t\t\t\t\t\t\t\t<img loading=\"lazy\" decoding=\"async\" width=\"768\" height=\"1024\" src=\"https:\/\/ademe.org.ar\/wp-content\/uploads\/2026\/04\/WhatsApp-Image-2026-04-01-at-13.55.30-768x1024.jpeg\" class=\"attachment-large size-large wp-image-1171\" alt=\"\" srcset=\"https:\/\/ademe.org.ar\/wp-content\/uploads\/2026\/04\/WhatsApp-Image-2026-04-01-at-13.55.30-768x1024.jpeg 768w, https:\/\/ademe.org.ar\/wp-content\/uploads\/2026\/04\/WhatsApp-Image-2026-04-01-at-13.55.30-225x300.jpeg 225w, https:\/\/ademe.org.ar\/wp-content\/uploads\/2026\/04\/WhatsApp-Image-2026-04-01-at-13.55.30.jpeg 960w\" sizes=\"(max-width: 768px) 100vw, 768px\" \/>\t\t\t\t\t\t\t\t\t\t\t\t\t\t\t<\/div>\n\t\t\t\t<\/div>\n\t\t\t\t\t<\/div>\n\t\t\t\t<\/div>\n\t\t\t\t<\/div>\n\t\t","protected":false},"excerpt":{"rendered":"<p>Caravana de autos en C\u00f3rdoba: ADEME particip\u00f3 del reclamo por la derogaci\u00f3n de la Ley 11.087 y la devoluci\u00f3n de los aportes personales El gremio ADEME particip\u00f3 este mi\u00e9rcoles 1\u00b0 de abril en la caravana de autos realizada en la ciudad de C\u00f3rdoba, convocada por gremios estatales para exigir a la Provincia la derogaci\u00f3n de [&hellip;]<\/p>\n","protected":false},"author":1,"featured_media":1173,"comment_status":"open","ping_status":"open","sticky":false,"template":"elementor_header_footer","format":"standard","meta":{"om_disable_all_campaigns":false,"_monsterinsights_skip_tracking":false,"_monsterinsights_sitenote_active":false,"_monsterinsights_sitenote_note":"","_monsterinsights_sitenote_category":0,"footnotes":""},"categories":[7],"tags":[],"class_list":["post-1169","post","type-post","status-publish","format-standard","has-post-thumbnail","hentry","category-noticias"],"aioseo_notices":[],"_links":{"self":[{"href":"https:\/\/ademe.org.ar\/index.php?rest_route=\/wp\/v2\/posts\/1169","targetHints":{"allow":["GET"]}}],"collection":[{"href":"https:\/\/ademe.org.ar\/index.php?rest_route=\/wp\/v2\/posts"}],"about":[{"href":"https:\/\/ademe.org.ar\/index.php?rest_route=\/wp\/v2\/types\/post"}],"author":[{"embeddable":true,"href":"https:\/\/ademe.org.ar\/index.php?rest_route=\/wp\/v2\/users\/1"}],"replies":[{"embeddable":true,"href":"https:\/\/ademe.org.ar\/index.php?rest_route=%2Fwp%2Fv2%2Fcomments&post=1169"}],"version-history":[{"count":19,"href":"https:\/\/ademe.org.ar\/index.php?rest_route=\/wp\/v2\/posts\/1169\/revisions"}],"predecessor-version":[{"id":1194,"href":"https:\/\/ademe.org.ar\/index.php?rest_route=\/wp\/v2\/posts\/1169\/revisions\/1194"}],"wp:featuredmedia":[{"embeddable":true,"href":"https:\/\/ademe.org.ar\/index.php?rest_route=\/wp\/v2\/media\/1173"}],"wp:attachment":[{"href":"https:\/\/ademe.org.ar\/index.php?rest_route=%2Fwp%2Fv2%2Fmedia&parent=1169"}],"wp:term":[{"taxonomy":"category","embeddable":true,"href":"https:\/\/ademe.org.ar\/index.php?rest_route=%2Fwp%2Fv2%2Fcategories&post=1169"},{"taxonomy":"post_tag","embeddable":true,"href":"https:\/\/ademe.org.ar\/index.php?rest_route=%2Fwp%2Fv2%2Ftags&post=1169"}],"curies":[{"name":"wp","href":"https:\/\/api.w.org\/{rel}","templated":true}]}}