{"id":522,"date":"2024-01-05T22:21:20","date_gmt":"2024-01-06T01:21:20","guid":{"rendered":"https:\/\/ademe.org.ar\/?p=522"},"modified":"2024-01-05T22:26:18","modified_gmt":"2024-01-06T01:26:18","slug":"basta-de-despidos","status":"publish","type":"post","link":"https:\/\/ademe.org.ar\/?p=522","title":{"rendered":"BASTA DE DESPIDOS"},"content":{"rendered":"\t\t<div data-elementor-type=\"wp-post\" data-elementor-id=\"522\" class=\"elementor elementor-522\">\n\t\t\t\t<div class=\"elementor-element elementor-element-ad658d1 e-flex e-con-boxed e-con e-parent\" data-id=\"ad658d1\" data-element_type=\"container\" data-e-type=\"container\">\n\t\t\t\t\t<div class=\"e-con-inner\">\n\t\t\t\t<div class=\"elementor-element elementor-element-5a71dbd elementor-widget elementor-widget-spacer\" data-id=\"5a71dbd\" data-element_type=\"widget\" data-e-type=\"widget\" data-widget_type=\"spacer.default\">\n\t\t\t\t<div class=\"elementor-widget-container\">\n\t\t\t\t\t\t\t<div class=\"elementor-spacer\">\n\t\t\t<div class=\"elementor-spacer-inner\"><\/div>\n\t\t<\/div>\n\t\t\t\t\t\t<\/div>\n\t\t\t\t<\/div>\n\t\t\t\t<div class=\"elementor-element elementor-element-c58cae6 elementor-widget elementor-widget-heading\" data-id=\"c58cae6\" data-element_type=\"widget\" data-e-type=\"widget\" data-widget_type=\"heading.default\">\n\t\t\t\t<div class=\"elementor-widget-container\">\n\t\t\t\t\t<h2 class=\"elementor-heading-title elementor-size-default\">BASTA DE DESPIDOS<\/h2>\t\t\t\t<\/div>\n\t\t\t\t<\/div>\n\t\t\t\t<div class=\"elementor-element elementor-element-fdbe332 elementor-widget elementor-widget-text-editor\" data-id=\"fdbe332\" data-element_type=\"widget\" data-e-type=\"widget\" data-widget_type=\"text-editor.default\">\n\t\t\t\t<div class=\"elementor-widget-container\">\n\t\t\t\t\t\t\t\t\t<p>QUE EL AJUSTE NO LO PAGUEN LOS TRABAJADORES<\/p>\t\t\t\t\t\t\t\t<\/div>\n\t\t\t\t<\/div>\n\t\t\t\t<div class=\"elementor-element elementor-element-857a3ab elementor-widget elementor-widget-text-editor\" data-id=\"857a3ab\" data-element_type=\"widget\" data-e-type=\"widget\" data-widget_type=\"text-editor.default\">\n\t\t\t\t<div class=\"elementor-widget-container\">\n\t\t\t\t\t\t\t\t\t<p>Las Organizaciones Gremiales firmantes RECHAZAN la baja masiva e indiscriminada de contratos desatada por el gobierno provincial y exigen que respete la TUTELA SINDICAL.<\/p><p>La mayor\u00eda de los contratos dados de baja tienen hasta cuatro a\u00f1os de antig\u00fcedad y un n\u00famero importante ha pasado a contrato en el \u00faltimo a\u00f1o despu\u00e9s de haber revistado bajo diversas formas precarias de contrataci\u00f3n durante per\u00edodos de hasta doce a\u00f1os consecutivos, hecho denunciado de manera permanente por los gremios.<\/p><p>VIOLANDO CLARAMENTE LA LEGISLACION LABORAL, se ha dado de baja a trabajadores que ejercen representaci\u00f3n gremial, por lo que poseen Tutela Sindical, expresamente protegida por el art\u00edculo 48 de la Ley 23551.<\/p><p>Esta inaceptable actitud del Gobierno Provincial, en l\u00ednea con las pol\u00edticas de ajuste aplicadas por el Gobierno Nacional, se suma al \u00faltimo aumento en los aportes jubilatorios, al APROSS e impuestos provocando un \u201csaqueo\u201d sobre los erosionados salarios, profundizando los efectos de la inflaci\u00f3n y aumentos de tarifas.<\/p><p>Ante este cuadro de situaci\u00f3n los Gremios Estatales:<\/p><p>&#8211; EXIGEN la REINCORPORACI\u00d3N en forma inmediata de todos los trabajadores y se respete en forma irrestricta la tutela sindical de los representantes gremiales.<\/p><p>&#8211; EXIGEN el cumplimiento del acuerdo salarial vigente hasta el 31 de Enero. &#8211; EXIGEN la urgente firma del decreto de continuidad de la suspensi\u00f3n del diferimiento en el cobro de los aumentos para las y los jubilados provinciales.<\/p><p>&#8211; RECHAZAN una vez m\u00e1s el aumento de los aportes a APROSS y EXIGEN el cumplimiento del acta firmada el 10 de noviembre \u00faltimo, solicitando se lleven adelante las auditor\u00edas pertinentes y se ponga un freno a los copagos excesivos, especialmente en el interior de la provincia; as\u00ed como tambi\u00e9n se efectivice lo comprometido en relaci\u00f3n al funcionamiento del Hospital Ferreyra.<\/p><p>&#8211; RECHAZAN los incrementos en los descuentos para la Caja de Jubilaciones. &#8211; APOYAN SOLIDARIAMENTE las medidas, acciones y asambleas que lleven adelante cada uno de los gremios afectados por las medidas del Gobierno Provincial, Municipios y Comunas.<\/p><p>&#8211; RESUELVEN, informar de esta situaci\u00f3n a la Confederaci\u00f3n General del Trabajo de la Rep\u00fablica Argentina, para que acompa\u00f1e las medidas que definan.<\/p><p>&#8211; MANTIENEN EL ESTADO DE ALERTA Y SESI\u00d3N PERMENTENTE.<\/p><p><strong>SEP \u2013 SELC (LEGISLATIVOS) &#8211; UEPC \u2013 SUOEM \u2013 ACEC (CASINOS) \u2013 JUDICIALES &#8211; LOTER\u00cdA \u2013 LUZ Y FUERZA REGIONAL \u2013 UPS \u2013 M\u00daSICOS \u2013 APSE \u2013 FEDERACI\u00d3N DE MUNICIPALES \u2013 ADEME \u2013 ASOCIACI\u00d3N BANCARIA \u2013 SADOP \u2013 AMET \u2013 GR\u00c1FICOS \u2013 LUZ Y FUERZA C\u00d3RDOBA \u2013 SIVIALCO \u2013 ATSA \u2013 SIPOS<\/strong><\/p>\t\t\t\t\t\t\t\t<\/div>\n\t\t\t\t<\/div>\n\t\t\t\t<div class=\"elementor-element elementor-element-3514408 elementor-widget elementor-widget-image\" data-id=\"3514408\" data-element_type=\"widget\" data-e-type=\"widget\" data-widget_type=\"image.default\">\n\t\t\t\t<div class=\"elementor-widget-container\">\n\t\t\t\t\t\t\t\t\t\t\t\t\t\t\t<img fetchpriority=\"high\" decoding=\"async\" width=\"800\" height=\"438\" src=\"https:\/\/ademe.org.ar\/wp-content\/uploads\/2024\/01\/WhatsApp-Image-2024-01-05-at-21.59.57-1024x560.jpeg\" class=\"attachment-large size-large wp-image-520\" alt=\"\" srcset=\"https:\/\/ademe.org.ar\/wp-content\/uploads\/2024\/01\/WhatsApp-Image-2024-01-05-at-21.59.57-1024x560.jpeg 1024w, https:\/\/ademe.org.ar\/wp-content\/uploads\/2024\/01\/WhatsApp-Image-2024-01-05-at-21.59.57-300x164.jpeg 300w, https:\/\/ademe.org.ar\/wp-content\/uploads\/2024\/01\/WhatsApp-Image-2024-01-05-at-21.59.57-768x420.jpeg 768w, https:\/\/ademe.org.ar\/wp-content\/uploads\/2024\/01\/WhatsApp-Image-2024-01-05-at-21.59.57-1536x840.jpeg 1536w, https:\/\/ademe.org.ar\/wp-content\/uploads\/2024\/01\/WhatsApp-Image-2024-01-05-at-21.59.57.jpeg 1600w\" sizes=\"(max-width: 800px) 100vw, 800px\" \/>\t\t\t\t\t\t\t\t\t\t\t\t\t\t\t<\/div>\n\t\t\t\t<\/div>\n\t\t\t\t\t<\/div>\n\t\t\t\t<\/div>\n\t\t\t\t<\/div>\n\t\t","protected":false},"excerpt":{"rendered":"<p>BASTA DE DESPIDOS QUE EL AJUSTE NO LO PAGUEN LOS TRABAJADORES Las Organizaciones Gremiales firmantes RECHAZAN la baja masiva e indiscriminada de contratos desatada por el gobierno provincial y exigen que respete la TUTELA SINDICAL. La mayor\u00eda de los contratos dados de baja tienen hasta cuatro a\u00f1os de antig\u00fcedad y un n\u00famero importante ha pasado [&hellip;]<\/p>\n","protected":false},"author":1,"featured_media":520,"comment_status":"open","ping_status":"open","sticky":false,"template":"elementor_header_footer","format":"standard","meta":{"om_disable_all_campaigns":false,"_monsterinsights_skip_tracking":false,"_monsterinsights_sitenote_active":false,"_monsterinsights_sitenote_note":"","_monsterinsights_sitenote_category":0,"footnotes":""},"categories":[1],"tags":[],"class_list":["post-522","post","type-post","status-publish","format-standard","has-post-thumbnail","hentry","category-blog"],"aioseo_notices":[],"_links":{"self":[{"href":"https:\/\/ademe.org.ar\/index.php?rest_route=\/wp\/v2\/posts\/522","targetHints":{"allow":["GET"]}}],"collection":[{"href":"https:\/\/ademe.org.ar\/index.php?rest_route=\/wp\/v2\/posts"}],"about":[{"href":"https:\/\/ademe.org.ar\/index.php?rest_route=\/wp\/v2\/types\/post"}],"author":[{"embeddable":true,"href":"https:\/\/ademe.org.ar\/index.php?rest_route=\/wp\/v2\/users\/1"}],"replies":[{"embeddable":true,"href":"https:\/\/ademe.org.ar\/index.php?rest_route=%2Fwp%2Fv2%2Fcomments&post=522"}],"version-history":[{"count":4,"href":"https:\/\/ademe.org.ar\/index.php?rest_route=\/wp\/v2\/posts\/522\/revisions"}],"predecessor-version":[{"id":526,"href":"https:\/\/ademe.org.ar\/index.php?rest_route=\/wp\/v2\/posts\/522\/revisions\/526"}],"wp:featuredmedia":[{"embeddable":true,"href":"https:\/\/ademe.org.ar\/index.php?rest_route=\/wp\/v2\/media\/520"}],"wp:attachment":[{"href":"https:\/\/ademe.org.ar\/index.php?rest_route=%2Fwp%2Fv2%2Fmedia&parent=522"}],"wp:term":[{"taxonomy":"category","embeddable":true,"href":"https:\/\/ademe.org.ar\/index.php?rest_route=%2Fwp%2Fv2%2Fcategories&post=522"},{"taxonomy":"post_tag","embeddable":true,"href":"https:\/\/ademe.org.ar\/index.php?rest_route=%2Fwp%2Fv2%2Ftags&post=522"}],"curies":[{"name":"wp","href":"https:\/\/api.w.org\/{rel}","templated":true}]}}