{"id":653,"date":"2024-01-26T10:05:34","date_gmt":"2024-01-26T13:05:34","guid":{"rendered":"https:\/\/ademe.org.ar\/?p=653"},"modified":"2024-01-26T13:26:32","modified_gmt":"2024-01-26T16:26:32","slug":"paro-y-marcha-del-24-de-enero-por-el-derecho-de-los-trabajadores","status":"publish","type":"post","link":"https:\/\/ademe.org.ar\/?p=653","title":{"rendered":"PARO Y MARCHA DEL 24 DE ENERO: POR EL DERECHO DE LOS TRABAJADORES"},"content":{"rendered":"\t\t<div data-elementor-type=\"wp-post\" data-elementor-id=\"653\" class=\"elementor elementor-653\">\n\t\t\t\t<div class=\"elementor-element elementor-element-1397cd6 e-flex e-con-boxed e-con e-parent\" data-id=\"1397cd6\" data-element_type=\"container\" data-e-type=\"container\">\n\t\t\t\t\t<div class=\"e-con-inner\">\n\t\t\t\t<div class=\"elementor-element elementor-element-f63f68d elementor-widget elementor-widget-text-editor\" data-id=\"f63f68d\" data-element_type=\"widget\" data-e-type=\"widget\" data-widget_type=\"text-editor.default\">\n\t\t\t\t<div class=\"elementor-widget-container\">\n\t\t\t\t\t\t\t\t\t<p><span style=\"color: #000000;\">ADEME dijo presente en la marcha y paro nacional contra el ajuste a los trabajadores por parte del actual gobierno nacional.\u00a0<\/span><\/p><p><span style=\"color: #000000;\">Las medidas econ\u00f3micas impulsadas por el presidente Javier Milei atentan directamente contra los trabajadores, llevando el ajuste a los bolsillos de las familias y la ciudadania en general, severamente castigada por la inflaci\u00f3n y la desbocada crisis econ\u00f3mica.\u00a0<\/span><\/p><p><span style=\"color: #000000;\">C\u00f3rdoba se expres\u00f3 con fuerza al igual que en cada rinc\u00f3n del pa\u00eds. El Gremio ADEME se <a class=\"x1i10hfl xjbqb8w x6umtig x1b1mbwd xaqea5y xav7gou x9f619 x1ypdohk xt0psk2 xe8uvvx xdj266r x11i5rnm xat24cr x1mh8g0r xexx8yu x4uap5 x18d9i69 xkhd6sd x16tdsg8 x1hl2dhg xggy1nq x1a2a7pz xt0b8zv x1fey0fg xo1l8bm\" style=\"color: #000000;\" tabindex=\"0\" role=\"link\" href=\"https:\/\/www.facebook.com\/hashtag\/moviliz%C3%B3?__eep__=6&amp;__cft__[0]=AZXr0pMK_R-tvXchyg0FYgAliOgg_YP0F6YTfLV_B55m-XYD80nHqnHEhtjZKagBXpEGKvhhQmPE0Q_9krzH2lPNHtotgXFERF0ZGYkWyhMoozybzabFsjZyMBxWXnILqJsJl7VL2FqB8QPiBo9bUoijnWpakTzRbqEV5donJ_hFNN-05CPWX_2_r6KZX46aY64&amp;__tn__=*NK-R\">#Moviliz\u00f3<\/a> por el derecho de los trabajadores <a class=\"x1i10hfl xjbqb8w x6umtig x1b1mbwd xaqea5y xav7gou x9f619 x1ypdohk xt0psk2 xe8uvvx xdj266r x11i5rnm xat24cr x1mh8g0r xexx8yu x4uap5 x18d9i69 xkhd6sd x16tdsg8 x1hl2dhg xggy1nq x1a2a7pz xt0b8zv x1fey0fg xo1l8bm\" style=\"color: #000000;\" tabindex=\"0\" role=\"link\" href=\"https:\/\/www.facebook.com\/hashtag\/nossomosmercanc%C3%ADa?__eep__=6&amp;__cft__[0]=AZXr0pMK_R-tvXchyg0FYgAliOgg_YP0F6YTfLV_B55m-XYD80nHqnHEhtjZKagBXpEGKvhhQmPE0Q_9krzH2lPNHtotgXFERF0ZGYkWyhMoozybzabFsjZyMBxWXnILqJsJl7VL2FqB8QPiBo9bUoijnWpakTzRbqEV5donJ_hFNN-05CPWX_2_r6KZX46aY64&amp;__tn__=*NK-R\">#NosSomosMercanc\u00eda<\/a> <span class=\"x3nfvp2 x1j61x8r x1fcty0u xdj266r xhhsvwb xat24cr xgzva0m xxymvpz xlup9mm x1kky2od\"><img decoding=\"async\" class=\"xz74otr\" src=\"https:\/\/static.xx.fbcdn.net\/images\/emoji.php\/v9\/t67\/1\/16\/1f450.png\" alt=\"\ud83d\udc50\" width=\"16\" height=\"16\" \/><\/span><\/span><\/p><div dir=\"auto\"><span style=\"color: #000000;\"><a class=\"x1i10hfl xjbqb8w x6umtig x1b1mbwd xaqea5y xav7gou x9f619 x1ypdohk xt0psk2 xe8uvvx xdj266r x11i5rnm xat24cr x1mh8g0r xexx8yu x4uap5 x18d9i69 xkhd6sd x16tdsg8 x1hl2dhg xggy1nq x1a2a7pz xt0b8zv x1fey0fg xo1l8bm\" style=\"color: #000000;\" tabindex=\"0\" role=\"link\" href=\"https:\/\/www.facebook.com\/hashtag\/ademeest%C3%A1convos?__eep__=6&amp;__cft__[0]=AZXr0pMK_R-tvXchyg0FYgAliOgg_YP0F6YTfLV_B55m-XYD80nHqnHEhtjZKagBXpEGKvhhQmPE0Q_9krzH2lPNHtotgXFERF0ZGYkWyhMoozybzabFsjZyMBxWXnILqJsJl7VL2FqB8QPiBo9bUoijnWpakTzRbqEV5donJ_hFNN-05CPWX_2_r6KZX46aY64&amp;__tn__=*NK-R\">#ademeest\u00e1convos<\/a><\/span><\/div>\t\t\t\t\t\t\t\t<\/div>\n\t\t\t\t<\/div>\n\t\t\t\t\t<\/div>\n\t\t\t\t<\/div>\n\t\t<div class=\"elementor-element elementor-element-9bab861 e-flex e-con-boxed e-con e-parent\" data-id=\"9bab861\" data-element_type=\"container\" data-e-type=\"container\">\n\t\t\t\t\t<div class=\"e-con-inner\">\n\t\t\t\t<div class=\"elementor-element elementor-element-57fa903 elementor-widget elementor-widget-image-gallery\" data-id=\"57fa903\" data-element_type=\"widget\" data-e-type=\"widget\" data-widget_type=\"image-gallery.default\">\n\t\t\t\t<div class=\"elementor-widget-container\">\n\t\t\t\t\t\t\t<div class=\"elementor-image-gallery\">\n\t\t\t<div id='gallery-1' class='gallery galleryid-653 gallery-columns-2 gallery-size-large'><figure class='gallery-item'>\n\t\t\t<div class='gallery-icon landscape'>\n\t\t\t\t<a data-elementor-open-lightbox=\"yes\" data-elementor-lightbox-slideshow=\"57fa903\" data-elementor-lightbox-title=\"422596491_867661988489730_175235963738690068_n\" data-e-action-hash=\"#elementor-action%3Aaction%3Dlightbox%26settings%3DeyJpZCI6NjU2LCJ1cmwiOiJodHRwczpcL1wvYWRlbWUub3JnLmFyXC93cC1jb250ZW50XC91cGxvYWRzXC8yMDI0XC8wMVwvNDIyNTk2NDkxXzg2NzY2MTk4ODQ4OTczMF8xNzUyMzU5NjM3Mzg2OTAwNjhfbi5qcGciLCJzbGlkZXNob3ciOiI1N2ZhOTAzIn0%3D\" href='https:\/\/ademe.org.ar\/wp-content\/uploads\/2024\/01\/422596491_867661988489730_175235963738690068_n.jpg'><img fetchpriority=\"high\" decoding=\"async\" width=\"800\" height=\"389\" src=\"https:\/\/ademe.org.ar\/wp-content\/uploads\/2024\/01\/422596491_867661988489730_175235963738690068_n-1024x498.jpg\" class=\"attachment-large size-large\" alt=\"\" srcset=\"https:\/\/ademe.org.ar\/wp-content\/uploads\/2024\/01\/422596491_867661988489730_175235963738690068_n-1024x498.jpg 1024w, https:\/\/ademe.org.ar\/wp-content\/uploads\/2024\/01\/422596491_867661988489730_175235963738690068_n-300x146.jpg 300w, https:\/\/ademe.org.ar\/wp-content\/uploads\/2024\/01\/422596491_867661988489730_175235963738690068_n-768x373.jpg 768w, https:\/\/ademe.org.ar\/wp-content\/uploads\/2024\/01\/422596491_867661988489730_175235963738690068_n.jpg 1280w\" sizes=\"(max-width: 800px) 100vw, 800px\" \/><\/a>\n\t\t\t<\/div><\/figure><figure class='gallery-item'>\n\t\t\t<div class='gallery-icon landscape'>\n\t\t\t\t<a data-elementor-open-lightbox=\"yes\" data-elementor-lightbox-slideshow=\"57fa903\" data-elementor-lightbox-title=\"422616661_867661905156405_5421784317504412934_n\" data-e-action-hash=\"#elementor-action%3Aaction%3Dlightbox%26settings%3DeyJpZCI6NjYwLCJ1cmwiOiJodHRwczpcL1wvYWRlbWUub3JnLmFyXC93cC1jb250ZW50XC91cGxvYWRzXC8yMDI0XC8wMVwvNDIyNjE2NjYxXzg2NzY2MTkwNTE1NjQwNV81NDIxNzg0MzE3NTA0NDEyOTM0X24uanBnIiwic2xpZGVzaG93IjoiNTdmYTkwMyJ9\" href='https:\/\/ademe.org.ar\/wp-content\/uploads\/2024\/01\/422616661_867661905156405_5421784317504412934_n.jpg'><img decoding=\"async\" width=\"800\" height=\"389\" src=\"https:\/\/ademe.org.ar\/wp-content\/uploads\/2024\/01\/422616661_867661905156405_5421784317504412934_n-1024x498.jpg\" class=\"attachment-large size-large\" alt=\"\" srcset=\"https:\/\/ademe.org.ar\/wp-content\/uploads\/2024\/01\/422616661_867661905156405_5421784317504412934_n-1024x498.jpg 1024w, https:\/\/ademe.org.ar\/wp-content\/uploads\/2024\/01\/422616661_867661905156405_5421784317504412934_n-300x146.jpg 300w, https:\/\/ademe.org.ar\/wp-content\/uploads\/2024\/01\/422616661_867661905156405_5421784317504412934_n-768x373.jpg 768w, https:\/\/ademe.org.ar\/wp-content\/uploads\/2024\/01\/422616661_867661905156405_5421784317504412934_n.jpg 1280w\" sizes=\"(max-width: 800px) 100vw, 800px\" \/><\/a>\n\t\t\t<\/div><\/figure><figure class='gallery-item'>\n\t\t\t<div class='gallery-icon landscape'>\n\t\t\t\t<a data-elementor-open-lightbox=\"yes\" data-elementor-lightbox-slideshow=\"57fa903\" data-elementor-lightbox-title=\"421103454_867661818489747_3528879723482693735_n\" data-e-action-hash=\"#elementor-action%3Aaction%3Dlightbox%26settings%3DeyJpZCI6NjYxLCJ1cmwiOiJodHRwczpcL1wvYWRlbWUub3JnLmFyXC93cC1jb250ZW50XC91cGxvYWRzXC8yMDI0XC8wMVwvNDIxMTAzNDU0Xzg2NzY2MTgxODQ4OTc0N18zNTI4ODc5NzIzNDgyNjkzNzM1X24uanBnIiwic2xpZGVzaG93IjoiNTdmYTkwMyJ9\" href='https:\/\/ademe.org.ar\/wp-content\/uploads\/2024\/01\/421103454_867661818489747_3528879723482693735_n.jpg'><img loading=\"lazy\" decoding=\"async\" width=\"800\" height=\"389\" src=\"https:\/\/ademe.org.ar\/wp-content\/uploads\/2024\/01\/421103454_867661818489747_3528879723482693735_n-1024x498.jpg\" class=\"attachment-large size-large\" alt=\"\" srcset=\"https:\/\/ademe.org.ar\/wp-content\/uploads\/2024\/01\/421103454_867661818489747_3528879723482693735_n-1024x498.jpg 1024w, https:\/\/ademe.org.ar\/wp-content\/uploads\/2024\/01\/421103454_867661818489747_3528879723482693735_n-300x146.jpg 300w, https:\/\/ademe.org.ar\/wp-content\/uploads\/2024\/01\/421103454_867661818489747_3528879723482693735_n-768x373.jpg 768w, https:\/\/ademe.org.ar\/wp-content\/uploads\/2024\/01\/421103454_867661818489747_3528879723482693735_n.jpg 1280w\" sizes=\"(max-width: 800px) 100vw, 800px\" \/><\/a>\n\t\t\t<\/div><\/figure><figure class='gallery-item'>\n\t\t\t<div class='gallery-icon landscape'>\n\t\t\t\t<a data-elementor-open-lightbox=\"yes\" data-elementor-lightbox-slideshow=\"57fa903\" data-elementor-lightbox-title=\"WhatsApp Image 2024-01-22 at 20.32.10\" data-e-action-hash=\"#elementor-action%3Aaction%3Dlightbox%26settings%3DeyJpZCI6NjYyLCJ1cmwiOiJodHRwczpcL1wvYWRlbWUub3JnLmFyXC93cC1jb250ZW50XC91cGxvYWRzXC8yMDI0XC8wMVwvV2hhdHNBcHAtSW1hZ2UtMjAyNC0wMS0yMi1hdC0yMC4zMi4xMC5qcGVnIiwic2xpZGVzaG93IjoiNTdmYTkwMyJ9\" href='https:\/\/ademe.org.ar\/wp-content\/uploads\/2024\/01\/WhatsApp-Image-2024-01-22-at-20.32.10.jpeg'><img loading=\"lazy\" decoding=\"async\" width=\"800\" height=\"800\" src=\"https:\/\/ademe.org.ar\/wp-content\/uploads\/2024\/01\/WhatsApp-Image-2024-01-22-at-20.32.10-1024x1024.jpeg\" class=\"attachment-large size-large\" alt=\"\" srcset=\"https:\/\/ademe.org.ar\/wp-content\/uploads\/2024\/01\/WhatsApp-Image-2024-01-22-at-20.32.10-1024x1024.jpeg 1024w, https:\/\/ademe.org.ar\/wp-content\/uploads\/2024\/01\/WhatsApp-Image-2024-01-22-at-20.32.10-300x300.jpeg 300w, https:\/\/ademe.org.ar\/wp-content\/uploads\/2024\/01\/WhatsApp-Image-2024-01-22-at-20.32.10-150x150.jpeg 150w, https:\/\/ademe.org.ar\/wp-content\/uploads\/2024\/01\/WhatsApp-Image-2024-01-22-at-20.32.10-768x768.jpeg 768w, https:\/\/ademe.org.ar\/wp-content\/uploads\/2024\/01\/WhatsApp-Image-2024-01-22-at-20.32.10-600x600.jpeg 600w, https:\/\/ademe.org.ar\/wp-content\/uploads\/2024\/01\/WhatsApp-Image-2024-01-22-at-20.32.10.jpeg 1080w\" sizes=\"(max-width: 800px) 100vw, 800px\" \/><\/a>\n\t\t\t<\/div><\/figure>\n\t\t<\/div>\n\t\t<\/div>\n\t\t\t\t\t\t<\/div>\n\t\t\t\t<\/div>\n\t\t\t\t\t<\/div>\n\t\t\t\t<\/div>\n\t\t\t\t<\/div>\n\t\t","protected":false},"excerpt":{"rendered":"<p>ADEME dijo presente en la marcha y paro nacional contra el ajuste a los trabajadores por parte del actual gobierno nacional.\u00a0 Las medidas econ\u00f3micas impulsadas por el presidente Javier Milei atentan directamente contra los trabajadores, llevando el ajuste a los bolsillos de las familias y la ciudadania en general, severamente castigada por la inflaci\u00f3n y [&hellip;]<\/p>\n","protected":false},"author":1,"featured_media":656,"comment_status":"open","ping_status":"open","sticky":false,"template":"","format":"standard","meta":{"om_disable_all_campaigns":false,"_monsterinsights_skip_tracking":false,"_monsterinsights_sitenote_active":false,"_monsterinsights_sitenote_note":"","_monsterinsights_sitenote_category":0,"footnotes":""},"categories":[1],"tags":[],"class_list":["post-653","post","type-post","status-publish","format-standard","has-post-thumbnail","hentry","category-blog"],"aioseo_notices":[],"_links":{"self":[{"href":"https:\/\/ademe.org.ar\/index.php?rest_route=\/wp\/v2\/posts\/653","targetHints":{"allow":["GET"]}}],"collection":[{"href":"https:\/\/ademe.org.ar\/index.php?rest_route=\/wp\/v2\/posts"}],"about":[{"href":"https:\/\/ademe.org.ar\/index.php?rest_route=\/wp\/v2\/types\/post"}],"author":[{"embeddable":true,"href":"https:\/\/ademe.org.ar\/index.php?rest_route=\/wp\/v2\/users\/1"}],"replies":[{"embeddable":true,"href":"https:\/\/ademe.org.ar\/index.php?rest_route=%2Fwp%2Fv2%2Fcomments&post=653"}],"version-history":[{"count":14,"href":"https:\/\/ademe.org.ar\/index.php?rest_route=\/wp\/v2\/posts\/653\/revisions"}],"predecessor-version":[{"id":672,"href":"https:\/\/ademe.org.ar\/index.php?rest_route=\/wp\/v2\/posts\/653\/revisions\/672"}],"wp:featuredmedia":[{"embeddable":true,"href":"https:\/\/ademe.org.ar\/index.php?rest_route=\/wp\/v2\/media\/656"}],"wp:attachment":[{"href":"https:\/\/ademe.org.ar\/index.php?rest_route=%2Fwp%2Fv2%2Fmedia&parent=653"}],"wp:term":[{"taxonomy":"category","embeddable":true,"href":"https:\/\/ademe.org.ar\/index.php?rest_route=%2Fwp%2Fv2%2Fcategories&post=653"},{"taxonomy":"post_tag","embeddable":true,"href":"https:\/\/ademe.org.ar\/index.php?rest_route=%2Fwp%2Fv2%2Ftags&post=653"}],"curies":[{"name":"wp","href":"https:\/\/api.w.org\/{rel}","templated":true}]}}