{"id":714,"date":"2024-02-15T18:11:11","date_gmt":"2024-02-15T21:11:11","guid":{"rendered":"https:\/\/ademe.org.ar\/?p=714"},"modified":"2024-02-15T18:18:30","modified_gmt":"2024-02-15T21:18:30","slug":"titularizacion-de-docentes-interinos-de-la-modalidad-jovenes-y-adultos","status":"publish","type":"post","link":"https:\/\/ademe.org.ar\/?p=714","title":{"rendered":"TITULARIZACI\u00d3N DE DOCENTES INTERINOS DE LA MODALIDAD J\u00d3VENES Y ADULTOS"},"content":{"rendered":"\t\t<div data-elementor-type=\"wp-post\" data-elementor-id=\"714\" class=\"elementor elementor-714\">\n\t\t\t\t<div class=\"elementor-element elementor-element-85a3561 e-flex e-con-boxed e-con e-parent\" data-id=\"85a3561\" data-element_type=\"container\" data-e-type=\"container\">\n\t\t\t\t\t<div class=\"e-con-inner\">\n\t\t<div class=\"elementor-element elementor-element-458de28 e-flex e-con-boxed e-con e-child\" data-id=\"458de28\" data-element_type=\"container\" data-e-type=\"container\">\n\t\t\t\t\t<div class=\"e-con-inner\">\n\t\t\t\t<div class=\"elementor-element elementor-element-e9acc2e elementor-widget elementor-widget-image\" data-id=\"e9acc2e\" data-element_type=\"widget\" data-e-type=\"widget\" data-widget_type=\"image.default\">\n\t\t\t\t<div class=\"elementor-widget-container\">\n\t\t\t\t\t\t\t\t\t\t\t\t\t\t\t<img fetchpriority=\"high\" decoding=\"async\" width=\"684\" height=\"1024\" src=\"https:\/\/ademe.org.ar\/wp-content\/uploads\/2024\/02\/vista-lateral-personas-que-estudian-aula-684x1024.jpg\" class=\"attachment-large size-large wp-image-716\" alt=\"\" srcset=\"https:\/\/ademe.org.ar\/wp-content\/uploads\/2024\/02\/vista-lateral-personas-que-estudian-aula-684x1024.jpg 684w, https:\/\/ademe.org.ar\/wp-content\/uploads\/2024\/02\/vista-lateral-personas-que-estudian-aula-200x300.jpg 200w, https:\/\/ademe.org.ar\/wp-content\/uploads\/2024\/02\/vista-lateral-personas-que-estudian-aula-768x1150.jpg 768w, https:\/\/ademe.org.ar\/wp-content\/uploads\/2024\/02\/vista-lateral-personas-que-estudian-aula-1025x1536.jpg 1025w, https:\/\/ademe.org.ar\/wp-content\/uploads\/2024\/02\/vista-lateral-personas-que-estudian-aula-1367x2048.jpg 1367w, https:\/\/ademe.org.ar\/wp-content\/uploads\/2024\/02\/vista-lateral-personas-que-estudian-aula-scaled.jpg 1709w\" sizes=\"(max-width: 684px) 100vw, 684px\" \/>\t\t\t\t\t\t\t\t\t\t\t\t\t\t\t<\/div>\n\t\t\t\t<\/div>\n\t\t\t\t\t<\/div>\n\t\t\t\t<\/div>\n\t\t<div class=\"elementor-element elementor-element-4868c30 e-flex e-con-boxed e-con e-child\" data-id=\"4868c30\" data-element_type=\"container\" data-e-type=\"container\">\n\t\t\t\t\t<div class=\"e-con-inner\">\n\t\t\t\t<div class=\"elementor-element elementor-element-2c2c7cc elementor-widget elementor-widget-text-editor\" data-id=\"2c2c7cc\" data-element_type=\"widget\" data-e-type=\"widget\" data-widget_type=\"text-editor.default\">\n\t\t\t\t<div class=\"elementor-widget-container\">\n\t\t\t\t\t\t\t\t\t<p>Fac\u00faltase al Poder Ejecutivo Provincial a titularizar a los docentes en situaci\u00f3n de revista interina de cargos no directivos y en horas c\u00e1tedras que se desempe\u00f1en en la Modalidad J\u00f3venes y Adultos en centros educativos presenciales de nivel secundario con oferta educativa de Ciclo B\u00e1sico y Ciclo Orientado, al treinta y uno de diciembre del a\u00f1o dos mil diecinueve y que acreditaren las condiciones requeridas por las normas estatutarias vigentes al momento de su ingreso a dicha modalidad educativa.<\/p><p>\u00a0<\/p><p><a href=\"http:\/\/ademe.org.ar\/wp-content\/uploads\/2024\/02\/Despacho-Proyecto-de-Ley-38298-Titularizacion-docentes.-1.pdf\"><strong>&gt;&gt; TODA LA INFO AQU\u00cd<\/strong><\/a><\/p>\t\t\t\t\t\t\t\t<\/div>\n\t\t\t\t<\/div>\n\t\t\t\t\t<\/div>\n\t\t\t\t<\/div>\n\t\t\t\t\t<\/div>\n\t\t\t\t<\/div>\n\t\t\t\t<\/div>\n\t\t","protected":false},"excerpt":{"rendered":"<p>Fac\u00faltase al Poder Ejecutivo Provincial a titularizar a los docentes en situaci\u00f3n de revista interina de cargos no directivos y en horas c\u00e1tedras que se desempe\u00f1en en la Modalidad J\u00f3venes y Adultos en centros educativos presenciales de nivel secundario con oferta educativa de Ciclo B\u00e1sico y Ciclo Orientado, al treinta y uno de diciembre del [&hellip;]<\/p>\n","protected":false},"author":1,"featured_media":725,"comment_status":"open","ping_status":"open","sticky":false,"template":"","format":"standard","meta":{"om_disable_all_campaigns":false,"_monsterinsights_skip_tracking":false,"_monsterinsights_sitenote_active":false,"_monsterinsights_sitenote_note":"","_monsterinsights_sitenote_category":0,"footnotes":""},"categories":[1],"tags":[],"class_list":["post-714","post","type-post","status-publish","format-standard","has-post-thumbnail","hentry","category-blog"],"aioseo_notices":[],"_links":{"self":[{"href":"https:\/\/ademe.org.ar\/index.php?rest_route=\/wp\/v2\/posts\/714","targetHints":{"allow":["GET"]}}],"collection":[{"href":"https:\/\/ademe.org.ar\/index.php?rest_route=\/wp\/v2\/posts"}],"about":[{"href":"https:\/\/ademe.org.ar\/index.php?rest_route=\/wp\/v2\/types\/post"}],"author":[{"embeddable":true,"href":"https:\/\/ademe.org.ar\/index.php?rest_route=\/wp\/v2\/users\/1"}],"replies":[{"embeddable":true,"href":"https:\/\/ademe.org.ar\/index.php?rest_route=%2Fwp%2Fv2%2Fcomments&post=714"}],"version-history":[{"count":8,"href":"https:\/\/ademe.org.ar\/index.php?rest_route=\/wp\/v2\/posts\/714\/revisions"}],"predecessor-version":[{"id":724,"href":"https:\/\/ademe.org.ar\/index.php?rest_route=\/wp\/v2\/posts\/714\/revisions\/724"}],"wp:featuredmedia":[{"embeddable":true,"href":"https:\/\/ademe.org.ar\/index.php?rest_route=\/wp\/v2\/media\/725"}],"wp:attachment":[{"href":"https:\/\/ademe.org.ar\/index.php?rest_route=%2Fwp%2Fv2%2Fmedia&parent=714"}],"wp:term":[{"taxonomy":"category","embeddable":true,"href":"https:\/\/ademe.org.ar\/index.php?rest_route=%2Fwp%2Fv2%2Fcategories&post=714"},{"taxonomy":"post_tag","embeddable":true,"href":"https:\/\/ademe.org.ar\/index.php?rest_route=%2Fwp%2Fv2%2Ftags&post=714"}],"curies":[{"name":"wp","href":"https:\/\/api.w.org\/{rel}","templated":true}]}}