{"id":809,"date":"2024-05-17T20:33:54","date_gmt":"2024-05-17T23:33:54","guid":{"rendered":"https:\/\/ademe.org.ar\/?p=809"},"modified":"2024-05-17T20:52:46","modified_gmt":"2024-05-17T23:52:46","slug":"ademe-acompano-la-presentacion-del-plan-de-desarrollo-educativo-2023-2027","status":"publish","type":"post","link":"https:\/\/ademe.org.ar\/?p=809","title":{"rendered":"ADEME ACOMPA\u00d1\u00d3 LA PRESENTACI\u00d3N DEL PLAN DE DESARROLLO EDUCATIVO 2023-2027"},"content":{"rendered":"\t\t<div data-elementor-type=\"wp-post\" data-elementor-id=\"809\" class=\"elementor elementor-809\">\n\t\t\t\t<div class=\"elementor-element elementor-element-7112607 e-flex e-con-boxed e-con e-parent\" data-id=\"7112607\" data-element_type=\"container\" data-e-type=\"container\">\n\t\t\t\t\t<div class=\"e-con-inner\">\n\t\t\t\t<div class=\"elementor-element elementor-element-00f963d elementor-widget elementor-widget-heading\" data-id=\"00f963d\" data-element_type=\"widget\" data-e-type=\"widget\" data-widget_type=\"heading.default\">\n\t\t\t\t<div class=\"elementor-widget-container\">\n\t\t\t\t\t<h2 class=\"elementor-heading-title elementor-size-default\">ADEME ACOMPA\u00d1\u00d3 LA PRESENTACI\u00d3N DEL PLAN DE DESARROLLO EDUCATIVO 2023-2027<\/h2>\t\t\t\t<\/div>\n\t\t\t\t<\/div>\n\t\t\t\t\t<\/div>\n\t\t\t\t<\/div>\n\t\t<div class=\"elementor-element elementor-element-651e489 e-flex e-con-boxed e-con e-parent\" data-id=\"651e489\" data-element_type=\"container\" data-e-type=\"container\">\n\t\t\t\t\t<div class=\"e-con-inner\">\n\t\t\t\t<div class=\"elementor-element elementor-element-3b3a544 elementor-widget elementor-widget-text-editor\" data-id=\"3b3a544\" data-element_type=\"widget\" data-e-type=\"widget\" data-widget_type=\"text-editor.default\">\n\t\t\t\t<div class=\"elementor-widget-container\">\n\t\t\t\t\t\t\t\t\t<p><img fetchpriority=\"high\" decoding=\"async\" class=\"size-large wp-image-810 aligncenter\" src=\"http:\/\/ademe.org.ar\/wp-content\/uploads\/2024\/05\/WhatsApp-Image-2024-05-16-at-18.27.06-1024x663.jpeg\" alt=\"\" width=\"800\" height=\"518\" srcset=\"https:\/\/ademe.org.ar\/wp-content\/uploads\/2024\/05\/WhatsApp-Image-2024-05-16-at-18.27.06-1024x663.jpeg 1024w, https:\/\/ademe.org.ar\/wp-content\/uploads\/2024\/05\/WhatsApp-Image-2024-05-16-at-18.27.06-300x194.jpeg 300w, https:\/\/ademe.org.ar\/wp-content\/uploads\/2024\/05\/WhatsApp-Image-2024-05-16-at-18.27.06-768x497.jpeg 768w, https:\/\/ademe.org.ar\/wp-content\/uploads\/2024\/05\/WhatsApp-Image-2024-05-16-at-18.27.06-1536x995.jpeg 1536w, https:\/\/ademe.org.ar\/wp-content\/uploads\/2024\/05\/WhatsApp-Image-2024-05-16-at-18.27.06.jpeg 1600w\" sizes=\"(max-width: 800px) 100vw, 800px\" \/><\/p><ul><li><strong><span style=\"color: #000000;\"><em>\u00a0La Secretaria General Teresa Gualda fue especialmente invitada junto a autoridades y representantes de distintos organismos e instituciones educativas de la provincia de C\u00f3rdoba.<\/em><\/span><\/strong><\/li><li><strong><span style=\"color: #000000;\"><em>La presentaci\u00f3n estuvo a cargo del Gobernador de la provincia, Mart\u00edn Llaryora, y del Ministro de Educaci\u00f3n, Horacio Ferreyra.<\/em><\/span><\/strong><\/li><\/ul><p>\u00a0<\/p><p><span style=\"color: #000000;\">En un acto llevado a cabo en el Centro C\u00edvico, se present\u00f3 este jueves 16 de mayo el PLAN DE DESARROLLO EDUCATIVO 2023-2027 con proyecci\u00f3n 2033.<\/span><br \/><span style=\"color: #000000;\">Bajo la consigna \u201cEl derecho a aprender como prioridad. Consolidar logros y emprender las transformaciones necesarias\u201d, el gobernador Llaryora y el miniestro de Educaci\u00f3n Horacio Ferreyra oficializaron los objetivos de este plan ante un auditorio colmado. Teresa Gualda, Secretaria General de la Asociaci\u00f3n Docente de Ense\u00f1anza Media Especial y Superior cont\u00f3 con un espacio en el escenario principal, acompa\u00f1ando a los mencionados funcionarios y otras autoridades educativas que configuran el amplio espectro educativo provincial.<\/span><br \/><span style=\"color: #000000;\">Es preciso se\u00f1alar que son 5 los ejes del nuevo plan: trayectorias continuas y completas, aprendizaje con sentido y a lo largo de toda la vida, condiciones socioeducativas, desarrollo profesional docente, y participaci\u00f3n y concertaci\u00f3n de pol\u00edticas.<\/span><br \/><span style=\"color: #000000;\">Entre los anuncios destacados cabe se\u00f1alar la actualizaci\u00f3n docente y los planes de estudio, y m\u00e1s inversi\u00f3n en tecnolog\u00eda e infraestructura. El Compromiso Alfabetizador asumido por la provincia se concretar\u00e1 en estrategias para que los alumnos sepan leer, escribir y comprender antes de finalizar el tercer grado. <\/span><br \/><span style=\"color: #000000;\">\u201cEn C\u00f3rdoba, la educaci\u00f3n es y seguir\u00e1 siendo una prioridad\u201d, reiter\u00f3 en algunos pasajes el ministro Ferreyra.<\/span><\/p><p><img decoding=\"async\" class=\"alignnone size-large wp-image-812 aligncenter\" src=\"http:\/\/ademe.org.ar\/wp-content\/uploads\/2024\/05\/WhatsApp-Image-2024-05-16-at-18.27.07-1024x682.jpeg\" alt=\"\" width=\"800\" height=\"533\" srcset=\"https:\/\/ademe.org.ar\/wp-content\/uploads\/2024\/05\/WhatsApp-Image-2024-05-16-at-18.27.07-1024x682.jpeg 1024w, https:\/\/ademe.org.ar\/wp-content\/uploads\/2024\/05\/WhatsApp-Image-2024-05-16-at-18.27.07-300x200.jpeg 300w, https:\/\/ademe.org.ar\/wp-content\/uploads\/2024\/05\/WhatsApp-Image-2024-05-16-at-18.27.07-768x512.jpeg 768w, https:\/\/ademe.org.ar\/wp-content\/uploads\/2024\/05\/WhatsApp-Image-2024-05-16-at-18.27.07-1536x1023.jpeg 1536w, https:\/\/ademe.org.ar\/wp-content\/uploads\/2024\/05\/WhatsApp-Image-2024-05-16-at-18.27.07-1200x800.jpeg 1200w, https:\/\/ademe.org.ar\/wp-content\/uploads\/2024\/05\/WhatsApp-Image-2024-05-16-at-18.27.07.jpeg 1600w\" sizes=\"(max-width: 800px) 100vw, 800px\" \/><\/p>\t\t\t\t\t\t\t\t<\/div>\n\t\t\t\t<\/div>\n\t\t\t\t\t<\/div>\n\t\t\t\t<\/div>\n\t\t\t\t<\/div>\n\t\t","protected":false},"excerpt":{"rendered":"<p>ADEME ACOMPA\u00d1\u00d3 LA PRESENTACI\u00d3N DEL PLAN DE DESARROLLO EDUCATIVO 2023-2027 \u00a0La Secretaria General Teresa Gualda fue especialmente invitada junto a autoridades y representantes de distintos organismos e instituciones educativas de la provincia de C\u00f3rdoba. La presentaci\u00f3n estuvo a cargo del Gobernador de la provincia, Mart\u00edn Llaryora, y del Ministro de Educaci\u00f3n, Horacio Ferreyra. \u00a0 En [&hellip;]<\/p>\n","protected":false},"author":1,"featured_media":810,"comment_status":"open","ping_status":"open","sticky":false,"template":"elementor_header_footer","format":"standard","meta":{"om_disable_all_campaigns":false,"_monsterinsights_skip_tracking":false,"_monsterinsights_sitenote_active":false,"_monsterinsights_sitenote_note":"","_monsterinsights_sitenote_category":0,"footnotes":""},"categories":[7],"tags":[],"class_list":["post-809","post","type-post","status-publish","format-standard","has-post-thumbnail","hentry","category-noticias"],"aioseo_notices":[],"_links":{"self":[{"href":"https:\/\/ademe.org.ar\/index.php?rest_route=\/wp\/v2\/posts\/809","targetHints":{"allow":["GET"]}}],"collection":[{"href":"https:\/\/ademe.org.ar\/index.php?rest_route=\/wp\/v2\/posts"}],"about":[{"href":"https:\/\/ademe.org.ar\/index.php?rest_route=\/wp\/v2\/types\/post"}],"author":[{"embeddable":true,"href":"https:\/\/ademe.org.ar\/index.php?rest_route=\/wp\/v2\/users\/1"}],"replies":[{"embeddable":true,"href":"https:\/\/ademe.org.ar\/index.php?rest_route=%2Fwp%2Fv2%2Fcomments&post=809"}],"version-history":[{"count":17,"href":"https:\/\/ademe.org.ar\/index.php?rest_route=\/wp\/v2\/posts\/809\/revisions"}],"predecessor-version":[{"id":828,"href":"https:\/\/ademe.org.ar\/index.php?rest_route=\/wp\/v2\/posts\/809\/revisions\/828"}],"wp:featuredmedia":[{"embeddable":true,"href":"https:\/\/ademe.org.ar\/index.php?rest_route=\/wp\/v2\/media\/810"}],"wp:attachment":[{"href":"https:\/\/ademe.org.ar\/index.php?rest_route=%2Fwp%2Fv2%2Fmedia&parent=809"}],"wp:term":[{"taxonomy":"category","embeddable":true,"href":"https:\/\/ademe.org.ar\/index.php?rest_route=%2Fwp%2Fv2%2Fcategories&post=809"},{"taxonomy":"post_tag","embeddable":true,"href":"https:\/\/ademe.org.ar\/index.php?rest_route=%2Fwp%2Fv2%2Ftags&post=809"}],"curies":[{"name":"wp","href":"https:\/\/api.w.org\/{rel}","templated":true}]}}